{"id":21951,"date":"2023-01-24T19:36:56","date_gmt":"2023-01-24T19:36:56","guid":{"rendered":"http:\/\/elcensornoticias.com\/?p=21951"},"modified":"2023-01-24T19:36:58","modified_gmt":"2023-01-24T19:36:58","slug":"ibercultura-viva-ofrece-96-becas-para-posgrado-en-politicas-culturales-de-base-comunitaria","status":"publish","type":"post","link":"http:\/\/elcensornoticias.com\/?p=21951","title":{"rendered":"IberCultura Viva ofrece 96 becas para posgrado en Pol\u00edticas Culturales de Base Comunitaria"},"content":{"rendered":"\n<p>Con el objetivo de apoyar la formaci\u00f3n acad\u00e9mica de personas vinculadas con las organizaciones culturales comunitarias, pueblos originarios, ind\u00edgenas y afrodescendientes, el programa IberCultura Viva public\u00f3 la convocatoria de 96 becas para ser parte en 2023 del Curso de Posgrado Internacional en Pol\u00edticas Culturales de Base Comunitaria.<\/p>\n\n\n\n<p>El posgrado se impartir\u00e1 en el campus virtual de la Facultad Latinoamericana de Ciencias Sociales (FLACSO-Argentina) de abril a diciembre de 2023; las y los interesados podr\u00e1n inscribirse hasta el pr\u00f3ximo 15 de febrero, llenando el formulario que est\u00e1 disponible en la p\u00e1gina&nbsp;<em>web<\/em>:&nbsp;<a href=\"https:\/\/mapa.iberculturaviva.org\/oportunidade\/230\/\" target=\"_blank\" rel=\"noreferrer noopener\">https:\/\/mapa.iberculturaviva.org\/oportunidade\/230\/<\/a><\/p>\n\n\n\n<p>Las 96 becas ser\u00e1n repartidas equitativamente entre los 12 pa\u00edses participantes en IberCultura Viva: Argentina, Brasil, Chile, Colombia, Costa Rica, Ecuador, El Salvador, Espa\u00f1a, M\u00e9xico, Paraguay, Per\u00fa y Uruguay.<\/p>\n\n\n\n<p>IberCultura Viva es un programa de cooperaci\u00f3n t\u00e9cnica y financiera entre gobiernos, presidido por M\u00e9xico, a trav\u00e9s de la Secretar\u00eda de Cultura federal, con el objetivo de promover y fortalecer la diversidad cultural a trav\u00e9s de la realizaci\u00f3n de pol\u00edticas p\u00fablicas y el desarrollo de acciones culturales en Iberoam\u00e9rica.<\/p>\n\n\n\n<p>Las y los participantes deber\u00e1n ser personas que trabajan en organismos p\u00fablicos de cultura, que se dedican a la gesti\u00f3n cultural o son miembros de organizaciones culturales de base comunitaria o de pueblos originarios; adem\u00e1s, en el caso de M\u00e9xico, es indispensable presentar el comprobante de registro en Telar (Registro Nacional de Espacios, Pr\u00e1cticas y Agentes Culturales).<\/p>\n\n\n\n<p>Durante las sesiones se abordar\u00e1n nociones te\u00f3ricas sobre procesos culturales contempor\u00e1neos, proponiendo un amplio marco te\u00f3rico sobre sus distintas teor\u00edas y los debates actuales en torno a ellos, con especial atenci\u00f3n en las culturas iberoamericanas. Adem\u00e1s de aprender estrategias para la gesti\u00f3n, planificaci\u00f3n, monitoreo y evaluaci\u00f3n de pol\u00edticas p\u00fablicas culturales espec\u00edficas para el trabajo en comunidades.<\/p>\n\n\n\n<p>Dichos contenidos ser\u00e1n distribuidos en seis m\u00f3dulos, para un total de 26 clases y foros de di\u00e1logo, debate e intercambio de ideas y experiencias en torno a los temas tratados se publican de modo virtual una vez por semana.<\/p>\n","protected":false},"excerpt":{"rendered":"<p>Con el objetivo de apoyar la formaci\u00f3n acad\u00e9mica de personas vinculadas con las organizaciones culturales comunitarias, pueblos originarios, ind\u00edgenas y afrodescendientes, el programa IberCultura Viva public\u00f3 la convocatoria de 96 becas para ser parte en 2023 del Curso de Posgrado Internacional en Pol\u00edticas Culturales de Base Comunitaria. El posgrado se impartir\u00e1 en el campus virtual [&hellip;]<\/p>\n","protected":false},"author":1,"featured_media":21952,"comment_status":"open","ping_status":"open","sticky":false,"template":"","format":"standard","meta":{"advanced_seo_description":"","jetpack_seo_html_title":"","jetpack_seo_noindex":false,"footnotes":"","jetpack_publicize_message":"","jetpack_is_tweetstorm":false,"jetpack_publicize_feature_enabled":true,"jetpack_social_post_already_shared":true,"jetpack_social_options":{"image_generator_settings":{"template":"highway","enabled":false}}},"categories":[26,4],"tags":[],"class_list":["post-21951","post","type-post","status-publish","format-standard","has-post-thumbnail","hentry","category-cultura","category-noticias"],"jetpack_publicize_connections":[],"jetpack_featured_media_url":"http:\/\/elcensornoticias.com\/wp-content\/uploads\/2023\/01\/Foto.-Cortesia.jpeg","jetpack_likes_enabled":true,"jetpack_sharing_enabled":true,"jetpack_shortlink":"https:\/\/wp.me\/p6xy50-5I3","_links":{"self":[{"href":"http:\/\/elcensornoticias.com\/index.php?rest_route=\/wp\/v2\/posts\/21951","targetHints":{"allow":["GET"]}}],"collection":[{"href":"http:\/\/elcensornoticias.com\/index.php?rest_route=\/wp\/v2\/posts"}],"about":[{"href":"http:\/\/elcensornoticias.com\/index.php?rest_route=\/wp\/v2\/types\/post"}],"author":[{"embeddable":true,"href":"http:\/\/elcensornoticias.com\/index.php?rest_route=\/wp\/v2\/users\/1"}],"replies":[{"embeddable":true,"href":"http:\/\/elcensornoticias.com\/index.php?rest_route=%2Fwp%2Fv2%2Fcomments&post=21951"}],"version-history":[{"count":1,"href":"http:\/\/elcensornoticias.com\/index.php?rest_route=\/wp\/v2\/posts\/21951\/revisions"}],"predecessor-version":[{"id":21953,"href":"http:\/\/elcensornoticias.com\/index.php?rest_route=\/wp\/v2\/posts\/21951\/revisions\/21953"}],"wp:featuredmedia":[{"embeddable":true,"href":"http:\/\/elcensornoticias.com\/index.php?rest_route=\/wp\/v2\/media\/21952"}],"wp:attachment":[{"href":"http:\/\/elcensornoticias.com\/index.php?rest_route=%2Fwp%2Fv2%2Fmedia&parent=21951"}],"wp:term":[{"taxonomy":"category","embeddable":true,"href":"http:\/\/elcensornoticias.com\/index.php?rest_route=%2Fwp%2Fv2%2Fcategories&post=21951"},{"taxonomy":"post_tag","embeddable":true,"href":"http:\/\/elcensornoticias.com\/index.php?rest_route=%2Fwp%2Fv2%2Ftags&post=21951"}],"curies":[{"name":"wp","href":"https:\/\/api.w.org\/{rel}","templated":true}]}}