{"id":21911,"date":"2023-01-24T00:13:38","date_gmt":"2023-01-24T00:13:38","guid":{"rendered":"http:\/\/elcensornoticias.com\/?p=21911"},"modified":"2023-01-24T00:13:42","modified_gmt":"2023-01-24T00:13:42","slug":"abre-la-convocatoria-de-apoyo-a-la-cinematografia-y-el-audiovisual-programa-ibermedia","status":"publish","type":"post","link":"http:\/\/elcensornoticias.com\/?p=21911","title":{"rendered":"Abre la convocatoria de apoyo a la cinematograf\u00eda y el audiovisual Programa Ibermedia"},"content":{"rendered":"\n<p>&nbsp;<strong>Las y los realizadores mexicanos podr\u00e1n participar a trav\u00e9s del Imcine<\/strong><\/p>\n\n\n\n<p>\u25cf&nbsp;&nbsp;&nbsp;&nbsp;&nbsp;&nbsp;&nbsp;&nbsp;<strong>Este programa promueve el desarrollo de proyectos de cine y series, la coproducci\u00f3n y la formaci\u00f3n cinematogr\u00e1fica en Iberoam\u00e9rica<\/strong><\/p>\n\n\n\n<p>\u25cf&nbsp;&nbsp;&nbsp;&nbsp;&nbsp;&nbsp;&nbsp;&nbsp;<strong>Las convocatorias de 2023 estar\u00e1n abiertas hasta el 13 de marzo<\/strong><\/p>\n\n\n\n<p>La Secretar\u00eda de Cultura del Gobierno de M\u00e9xico, a trav\u00e9s del Instituto Mexicano de Cinematograf\u00eda (Imcine), ratifica el apoyo al cine mexicano a trav\u00e9s de su participaci\u00f3n en el Programa Ibermedia, dedicado a la promoci\u00f3n de proyectos cinematogr\u00e1ficos dirigidos, de manera especial, al mercado iberoamericano.<\/p>\n\n\n\n<p>Desde su creaci\u00f3n en 1998, el Programa Ibermedia busca crear un entorno \u00f3ptimo que permita a una comunidad integrada por 23 pa\u00edses de Am\u00e9rica Latina (incluido M\u00e9xico), Espa\u00f1a, Portugal e Italia desarrollar su industria cinematogr\u00e1fica, a trav\u00e9s del otorgamiento de ayudas financieras y el acercamiento con empresas productoras independientes de cine.&nbsp;<\/p>\n\n\n\n<p>Cada a\u00f1o, Ibermedia lanza cuatro convocatorias:<\/p>\n\n\n\n<ul class=\"wp-block-list\"><li>Codesarrollo de largometrajes. Enfocada en el desarrollo de proyectos de cine con potencial de coproducci\u00f3n, con la participaci\u00f3n de al menos dos pa\u00edses miembros del fondo.<\/li><li>Codesarrollo de series. Dedicada al desarrollo de proyectos de series con potencial de coproducci\u00f3n, presentados por empresas de al menos dos pa\u00edses miembros del fondo.<\/li><li>Coproducci\u00f3n. Impulsa proyectos de largometraje de ficci\u00f3n, animaci\u00f3n y documental presentados por productores de al menos dos pa\u00edses miembros del fondo.<\/li><li>Formaci\u00f3n. Apoya programas de formaci\u00f3n realizados por entidades registradas en los pa\u00edses miembros del fondo, orientados a profesionales iberoamericanos e italianos.&nbsp;<\/li><\/ul>\n\n\n\n<p>Con acciones como esta, contin\u00faa el apoyo del Gobierno de M\u00e9xico a proyectos cinematogr\u00e1ficos y audiovisuales de las y los realizadores mexicanos que busquen inscribir sus pel\u00edculas de ficci\u00f3n, animaci\u00f3n y documental en la Convocatoria 2023 del Programa Ibermedia, misma que estar\u00e1 disponible del 20 de enero al 13 de marzo.<\/p>\n","protected":false},"excerpt":{"rendered":"<p>&nbsp;Las y los realizadores mexicanos podr\u00e1n participar a trav\u00e9s del Imcine \u25cf&nbsp;&nbsp;&nbsp;&nbsp;&nbsp;&nbsp;&nbsp;&nbsp;Este programa promueve el desarrollo de proyectos de cine y series, la coproducci\u00f3n y la formaci\u00f3n cinematogr\u00e1fica en Iberoam\u00e9rica \u25cf&nbsp;&nbsp;&nbsp;&nbsp;&nbsp;&nbsp;&nbsp;&nbsp;Las convocatorias de 2023 estar\u00e1n abiertas hasta el 13 de marzo La Secretar\u00eda de Cultura del Gobierno de M\u00e9xico, a trav\u00e9s del Instituto Mexicano de [&hellip;]<\/p>\n","protected":false},"author":1,"featured_media":21912,"comment_status":"open","ping_status":"open","sticky":false,"template":"","format":"standard","meta":{"advanced_seo_description":"","jetpack_seo_html_title":"","jetpack_seo_noindex":false,"footnotes":"","jetpack_publicize_message":"","jetpack_is_tweetstorm":false,"jetpack_publicize_feature_enabled":true,"jetpack_social_post_already_shared":true,"jetpack_social_options":{"image_generator_settings":{"template":"highway","enabled":false}}},"categories":[26,4],"tags":[],"class_list":["post-21911","post","type-post","status-publish","format-standard","has-post-thumbnail","hentry","category-cultura","category-noticias"],"jetpack_publicize_connections":[],"jetpack_featured_media_url":"http:\/\/elcensornoticias.com\/wp-content\/uploads\/2023\/01\/Redes-IbermediaImcine.jpg","jetpack_likes_enabled":true,"jetpack_sharing_enabled":true,"jetpack_shortlink":"https:\/\/wp.me\/p6xy50-5Hp","_links":{"self":[{"href":"http:\/\/elcensornoticias.com\/index.php?rest_route=\/wp\/v2\/posts\/21911","targetHints":{"allow":["GET"]}}],"collection":[{"href":"http:\/\/elcensornoticias.com\/index.php?rest_route=\/wp\/v2\/posts"}],"about":[{"href":"http:\/\/elcensornoticias.com\/index.php?rest_route=\/wp\/v2\/types\/post"}],"author":[{"embeddable":true,"href":"http:\/\/elcensornoticias.com\/index.php?rest_route=\/wp\/v2\/users\/1"}],"replies":[{"embeddable":true,"href":"http:\/\/elcensornoticias.com\/index.php?rest_route=%2Fwp%2Fv2%2Fcomments&post=21911"}],"version-history":[{"count":1,"href":"http:\/\/elcensornoticias.com\/index.php?rest_route=\/wp\/v2\/posts\/21911\/revisions"}],"predecessor-version":[{"id":21913,"href":"http:\/\/elcensornoticias.com\/index.php?rest_route=\/wp\/v2\/posts\/21911\/revisions\/21913"}],"wp:featuredmedia":[{"embeddable":true,"href":"http:\/\/elcensornoticias.com\/index.php?rest_route=\/wp\/v2\/media\/21912"}],"wp:attachment":[{"href":"http:\/\/elcensornoticias.com\/index.php?rest_route=%2Fwp%2Fv2%2Fmedia&parent=21911"}],"wp:term":[{"taxonomy":"category","embeddable":true,"href":"http:\/\/elcensornoticias.com\/index.php?rest_route=%2Fwp%2Fv2%2Fcategories&post=21911"},{"taxonomy":"post_tag","embeddable":true,"href":"http:\/\/elcensornoticias.com\/index.php?rest_route=%2Fwp%2Fv2%2Ftags&post=21911"}],"curies":[{"name":"wp","href":"https:\/\/api.w.org\/{rel}","templated":true}]}}