{"id":21908,"date":"2023-01-24T00:11:51","date_gmt":"2023-01-24T00:11:51","guid":{"rendered":"http:\/\/elcensornoticias.com\/?p=21908"},"modified":"2023-01-24T00:11:54","modified_gmt":"2023-01-24T00:11:54","slug":"multiplican-ventas-artesanos-de-tlaxcala-capital","status":"publish","type":"post","link":"http:\/\/elcensornoticias.com\/?p=21908","title":{"rendered":"Multiplican ventas artesanos de Tlaxcala Capital"},"content":{"rendered":"\n<p><em>Creadores de artesan\u00edas reconocen el apoyo del Presidente Jorge Corichi para instalarse en el coraz\u00f3n de Tlaxcala<\/em><\/p>\n\n\n\n<p>Artesanos de la Ciudad de Tlaxcala consideran atinada la decisi\u00f3n del Presidente Municipal, Jorge Corichi, de impulsar la estrategia de fomento al turismo, otorgando un lugar destacado a la exposici\u00f3n y venta de artesan\u00edas aut\u00e9nticas.<\/p>\n\n\n\n<p>Mar\u00eda de los \u00c1ngeles Garc\u00eda Camacho, dedicada a la elaboraci\u00f3n de telas con bordados de alto relieve desde hace 17 a\u00f1os, dijo que estar en Centro Hist\u00f3rico es muy bueno, ya que permite que su trabajo sea conocido por los propios capitalinos y por los turistas nacionales e incluso extranjeros.<\/p>\n\n\n\n<p>\u201cEs bueno estar en el coraz\u00f3n de la ciudad, en la Plaza de la Constituci\u00f3n, donde circula mucha gente y tenemos gran afluencia de tlaxcaltecas y turistas\u201d, apunt\u00f3, al tiempo que agradeci\u00f3 al Alcalde Corichi por facilitarles el espacio.<\/p>\n\n\n\n<p>En este mismo sentido, Gabino Mar\u00edn, artesano de la localidad de Atlahapa en Tlaxcala Capital, dijo que los lugares en los pabellones artesanales les ha beneficiado.<\/p>\n\n\n\n<p>\u201cPrimero estamos en un lugar de lujo donde llega mucha gente de varios lugares del pa\u00eds y del mundo, lo que econ\u00f3micamente nos beneficia en ventas, adem\u00e1s de que se mejora nuestra econom\u00eda e ingreso\u201d, puntualiz\u00f3.<\/p>\n\n\n\n<p>Para el joven Jos\u00e9 Roberto Rivas, de la comunidad de Ocotl\u00e1n, quien elabora y vende dulces t\u00edpicos, verdaderamente se han beneficiado las y los artesanos de diversa \u00edndole, que, en un espacio funcional, como el que se instala s\u00e1bados y domingos, ven mejoradas sus ventas.<\/p>\n","protected":false},"excerpt":{"rendered":"<p>Creadores de artesan\u00edas reconocen el apoyo del Presidente Jorge Corichi para instalarse en el coraz\u00f3n de Tlaxcala Artesanos de la Ciudad de Tlaxcala consideran atinada la decisi\u00f3n del Presidente Municipal, Jorge Corichi, de impulsar la estrategia de fomento al turismo, otorgando un lugar destacado a la exposici\u00f3n y venta de artesan\u00edas aut\u00e9nticas. Mar\u00eda de los [&hellip;]<\/p>\n","protected":false},"author":1,"featured_media":21909,"comment_status":"open","ping_status":"open","sticky":false,"template":"","format":"standard","meta":{"advanced_seo_description":"","jetpack_seo_html_title":"","jetpack_seo_noindex":false,"footnotes":"","jetpack_publicize_message":"","jetpack_is_tweetstorm":false,"jetpack_publicize_feature_enabled":true,"jetpack_social_post_already_shared":true,"jetpack_social_options":{"image_generator_settings":{"template":"highway","enabled":false}}},"categories":[2,10],"tags":[],"class_list":["post-21908","post","type-post","status-publish","format-standard","has-post-thumbnail","hentry","category-destacadas","category-municipios"],"jetpack_publicize_connections":[],"jetpack_featured_media_url":"http:\/\/elcensornoticias.com\/wp-content\/uploads\/2023\/01\/WhatsApp-Image-2023-01-23-at-3.21.12-PM-1.jpeg","jetpack_likes_enabled":true,"jetpack_sharing_enabled":true,"jetpack_shortlink":"https:\/\/wp.me\/p6xy50-5Hm","_links":{"self":[{"href":"http:\/\/elcensornoticias.com\/index.php?rest_route=\/wp\/v2\/posts\/21908","targetHints":{"allow":["GET"]}}],"collection":[{"href":"http:\/\/elcensornoticias.com\/index.php?rest_route=\/wp\/v2\/posts"}],"about":[{"href":"http:\/\/elcensornoticias.com\/index.php?rest_route=\/wp\/v2\/types\/post"}],"author":[{"embeddable":true,"href":"http:\/\/elcensornoticias.com\/index.php?rest_route=\/wp\/v2\/users\/1"}],"replies":[{"embeddable":true,"href":"http:\/\/elcensornoticias.com\/index.php?rest_route=%2Fwp%2Fv2%2Fcomments&post=21908"}],"version-history":[{"count":1,"href":"http:\/\/elcensornoticias.com\/index.php?rest_route=\/wp\/v2\/posts\/21908\/revisions"}],"predecessor-version":[{"id":21910,"href":"http:\/\/elcensornoticias.com\/index.php?rest_route=\/wp\/v2\/posts\/21908\/revisions\/21910"}],"wp:featuredmedia":[{"embeddable":true,"href":"http:\/\/elcensornoticias.com\/index.php?rest_route=\/wp\/v2\/media\/21909"}],"wp:attachment":[{"href":"http:\/\/elcensornoticias.com\/index.php?rest_route=%2Fwp%2Fv2%2Fmedia&parent=21908"}],"wp:term":[{"taxonomy":"category","embeddable":true,"href":"http:\/\/elcensornoticias.com\/index.php?rest_route=%2Fwp%2Fv2%2Fcategories&post=21908"},{"taxonomy":"post_tag","embeddable":true,"href":"http:\/\/elcensornoticias.com\/index.php?rest_route=%2Fwp%2Fv2%2Ftags&post=21908"}],"curies":[{"name":"wp","href":"https:\/\/api.w.org\/{rel}","templated":true}]}}