{"id":21743,"date":"2023-01-19T21:58:25","date_gmt":"2023-01-19T21:58:25","guid":{"rendered":"http:\/\/elcensornoticias.com\/?p=21743"},"modified":"2023-01-19T21:58:29","modified_gmt":"2023-01-19T21:58:29","slug":"abiertas-las-inscripciones-para-el-decimo-cuarto-parlamento-infantil-2023","status":"publish","type":"post","link":"http:\/\/elcensornoticias.com\/?p=21743","title":{"rendered":"Abiertas las inscripciones para el D\u00e9cimo Cuarto Parlamento Infantil 2023"},"content":{"rendered":"\n<p>La Comisi\u00f3n de Educaci\u00f3n, Cultura, Ciencia y Tecnolog\u00eda de la LXIV Legislatura del Congreso del Estado, que preside la diputada Laura Alejandra Ram\u00edrez Ortiz, inform\u00f3 que de acuerdo a la convocatoria aprobada por el Pleno, las instituciones educativas tienen hasta el d\u00eda tres de febrero para presentar todos los requisitos del ni\u00f1o o ni\u00f1a participante.<br><br>Una vez concluida la inscripci\u00f3n, corresponder\u00e1 a la Comisi\u00f3n Estatal de Derechos Humanos (CEDH) &nbsp;realizar el proceso de selecci\u00f3n, conforme a la distritaci\u00f3n vigente para tener a las y los representantes de los distritos electorales.<br><br>Posteriormente, ser\u00e1 el Instituto Tlaxcalteca de Elecciones (ITE), quien realice las asambleas distritales del 20 al 24 de marzo, donde cada uno de los participantes expondr\u00e1 su tema y proceder\u00e1n a la selecci\u00f3n de las y los diputados infantiles que integrar\u00e1n el D\u00e9cimo Cuarto Parlamento a celebrarse el d\u00eda 28 de abril de 2022, en el Pleno del Poder Legislativo.<\/p>\n\n\n\n<p><br>Cabe recalcar que las y los interesados, deber\u00e1n presentar copia del acta de nacimiento, constancia de estudios, credencial de estudiante, datos de la instituci\u00f3n educativa, c\u00e9dula de inscripci\u00f3n, carta de autorizaci\u00f3n, oficio del director o representante de la Conafe, donde solicite la inscripci\u00f3n del menor y escrito de m\u00e1ximo tres cuartillas, con el tema a desarrollar, de acuerdo a los establecidos en la convocatoria.<\/p>\n","protected":false},"excerpt":{"rendered":"<p>La Comisi\u00f3n de Educaci\u00f3n, Cultura, Ciencia y Tecnolog\u00eda de la LXIV Legislatura del Congreso del Estado, que preside la diputada Laura Alejandra Ram\u00edrez Ortiz, inform\u00f3 que de acuerdo a la convocatoria aprobada por el Pleno, las instituciones educativas tienen hasta el d\u00eda tres de febrero para presentar todos los requisitos del ni\u00f1o o ni\u00f1a participante. [&hellip;]<\/p>\n","protected":false},"author":1,"featured_media":21744,"comment_status":"open","ping_status":"open","sticky":false,"template":"","format":"standard","meta":{"advanced_seo_description":"","jetpack_seo_html_title":"","jetpack_seo_noindex":false,"footnotes":"","jetpack_publicize_message":"","jetpack_is_tweetstorm":false,"jetpack_publicize_feature_enabled":true,"jetpack_social_post_already_shared":true,"jetpack_social_options":{"image_generator_settings":{"template":"highway","enabled":false}}},"categories":[27,2],"tags":[],"class_list":["post-21743","post","type-post","status-publish","format-standard","has-post-thumbnail","hentry","category-congreso","category-destacadas"],"jetpack_publicize_connections":[],"jetpack_featured_media_url":"http:\/\/elcensornoticias.com\/wp-content\/uploads\/2023\/01\/IMAGEN-CONVOCATORIA.jpeg","jetpack_likes_enabled":true,"jetpack_sharing_enabled":true,"jetpack_shortlink":"https:\/\/wp.me\/p6xy50-5EH","_links":{"self":[{"href":"http:\/\/elcensornoticias.com\/index.php?rest_route=\/wp\/v2\/posts\/21743","targetHints":{"allow":["GET"]}}],"collection":[{"href":"http:\/\/elcensornoticias.com\/index.php?rest_route=\/wp\/v2\/posts"}],"about":[{"href":"http:\/\/elcensornoticias.com\/index.php?rest_route=\/wp\/v2\/types\/post"}],"author":[{"embeddable":true,"href":"http:\/\/elcensornoticias.com\/index.php?rest_route=\/wp\/v2\/users\/1"}],"replies":[{"embeddable":true,"href":"http:\/\/elcensornoticias.com\/index.php?rest_route=%2Fwp%2Fv2%2Fcomments&post=21743"}],"version-history":[{"count":1,"href":"http:\/\/elcensornoticias.com\/index.php?rest_route=\/wp\/v2\/posts\/21743\/revisions"}],"predecessor-version":[{"id":21745,"href":"http:\/\/elcensornoticias.com\/index.php?rest_route=\/wp\/v2\/posts\/21743\/revisions\/21745"}],"wp:featuredmedia":[{"embeddable":true,"href":"http:\/\/elcensornoticias.com\/index.php?rest_route=\/wp\/v2\/media\/21744"}],"wp:attachment":[{"href":"http:\/\/elcensornoticias.com\/index.php?rest_route=%2Fwp%2Fv2%2Fmedia&parent=21743"}],"wp:term":[{"taxonomy":"category","embeddable":true,"href":"http:\/\/elcensornoticias.com\/index.php?rest_route=%2Fwp%2Fv2%2Fcategories&post=21743"},{"taxonomy":"post_tag","embeddable":true,"href":"http:\/\/elcensornoticias.com\/index.php?rest_route=%2Fwp%2Fv2%2Ftags&post=21743"}],"curies":[{"name":"wp","href":"https:\/\/api.w.org\/{rel}","templated":true}]}}